{"id":413,"date":"2010-01-25T19:48:41","date_gmt":"2010-01-25T18:48:41","guid":{"rendered":"http:\/\/agriturismouliveta.it\/agriturismo-gardasee\/?p=413"},"modified":"2015-12-02T17:57:35","modified_gmt":"2015-12-02T16:57:35","slug":"gardasee-brenzone","status":"publish","type":"post","link":"https:\/\/agriturismouliveta.it\/agriturismo-gardasee\/gardasee-brenzone","title":{"rendered":"Brenzone am Gardasee"},"content":{"rendered":"<p><img decoding=\"async\" class=\"bildlinks alignright\" title=\"Brenzone liegt in Nord\u00f6stliche K\u00fcste vom Gardasee\" src=\"http:\/\/agriturismouliveta.it\/agriturismo-gardasee\/images\/brenzone\/brenzone-karte.jpg\" alt=\"Gardasee Karte mit Brenzone\" \/>In Castelletto di Brenzone liegt unsere <a title=\"Weitere Infos \u00fcber die Lage unserer Agriturismo: Brenzone und Castelletto\" href=\"http:\/\/agriturismouliveta.it\/agriturismo-gardasee\/agriturismo-brenzone\">Agriturismo. Brenzone<\/a> ist eine Gemeinde am n\u00f6rdlichen Teil des Gardaseee-Ostufers, geh\u00f6rt zur Provinz Verona und hat eine Oberfl\u00e4che von 50qkm.<\/p>\n<p>Im Norden liegt die Gemeinde Malcesine, im Osten Ferrara di Monte Baldo, im S\u00fcdosten San Zeno di Montagna und im S\u00fcden Torri del Benaco. Innerhalb des Sees grenzt sie an die Provinz Brescia.<\/p>\n<p>Das Seeufer liegt 65 m \u00fcM.<\/p>\n<p>Bei Brenzone erreicht der See seinen <strong>tiefsten Punkt<\/strong> von 350m.<\/p>\n<p>Die <strong>h\u00f6chste Erhebung<\/strong> der Gemeinde Brenzone liegt mit 2200 m auf der Cima Telegrafo.<\/p>\n<p>Dieser charakteristische Urlaubsort besteht aus zahlreichen <strong>Fraktionen, die zum Teil am See liegen <\/strong>(Assenza, Porto Magugnano, Marniga und Castelletto), zum Teil an den unteren H\u00e4ngen des Monte Baldo (Castello und Sommavilla) und <strong>in den Bergen<\/strong> (Prada).<\/p>\n<p><iframe src=\"https:\/\/maps.google.it\/maps\/ms?msa=0&amp;msid=213222664708872653617.0004ce9a1955f27df7460&amp;ie=UTF8&amp;t=h&amp;ll=45.698912,10.769837&amp;spn=0.082127,0.149002&amp;output=embed\" width=\"100%\" height=\"450\" frameborder=\"0\" marginwidth=\"0\" marginheight=\"0\" scrolling=\"no\"><\/iframe><\/p>\n<p>Das <strong>Klima von Brenzone <\/strong>ver\u00e4ndert sich mit der H\u00f6he. Von einem typischen Mittelmeerklima am See wechselt es nach un nach zu einem kontinentalen Klima.<br \/>\nDas Milde Klima ist bedingt durch die gro\u00dfen <a class=\"screenshot\" title=\"Der Gardasee\" rel=\"http:\/\/agriturismouliveta.it\/agriturismo-gardasee\/images\/brenzone\/blaue-gardasee.jpg\"><em>Wassermassen des Sees.<br \/>\n<\/em><\/a><br \/>\nBrenzone mit Ihren zahlreichen <strong>mittelalterlichen D\u00f6rfern<\/strong>, Gassen, eindrucksvollen Landschaften ist optimal f\u00fcr entdeckungsfreudige.<\/p>\n<p><div class=\"rl-gallery-container \" id=\"rl-gallery-container-1\" data-gallery_id=\"0\"> <div class=\"rl-gallery rl-basicgrid-gallery \" id=\"rl-gallery-1\" data-gallery_no=\"1\"> <div class=\"rl-gallery-item\"><a href=\"https:\/\/agriturismouliveta.it\/agriturismo-gardasee\/wp-content\/uploads\/2010\/01\/brenzone5c.jpg\" title=\"\" data-rl_title=\"\" class=\"rl-gallery-link\" data-rl_caption=\"\" data-rel=\"lightbox-gallery-1\" data-magnific_type=\"gallery\"><img fetchpriority=\"high\" decoding=\"async\" src=\"https:\/\/agriturismouliveta.it\/agriturismo-gardasee\/wp-content\/uploads\/2010\/01\/brenzone5c-300x225.jpg\" width=\"300\" height=\"225\" alt=\"Blick von die Assenza Dorfplatz, in Hintergrund der Monte Baldo.\" \/><\/a><\/div><div class=\"rl-gallery-item\"><a href=\"https:\/\/agriturismouliveta.it\/agriturismo-gardasee\/wp-content\/uploads\/2010\/01\/brenzone1c.jpg\" title=\"\" data-rl_title=\"\" class=\"rl-gallery-link\" data-rl_caption=\"\" data-rel=\"lightbox-gallery-1\" data-magnific_type=\"gallery\"><img decoding=\"async\" src=\"https:\/\/agriturismouliveta.it\/agriturismo-gardasee\/wp-content\/uploads\/2010\/01\/brenzone1c-300x225.jpg\" width=\"300\" height=\"225\" alt=\"Castello di Brenzone\" \/><\/a><\/div><div class=\"rl-gallery-item\"><a href=\"https:\/\/agriturismouliveta.it\/agriturismo-gardasee\/wp-content\/uploads\/2010\/01\/brenzone2c.jpg\" title=\"\" data-rl_title=\"\" class=\"rl-gallery-link\" data-rl_caption=\"\" data-rel=\"lightbox-gallery-1\" data-magnific_type=\"gallery\"><img decoding=\"async\" src=\"https:\/\/agriturismouliveta.it\/agriturismo-gardasee\/wp-content\/uploads\/2010\/01\/brenzone2c-300x225.jpg\" width=\"300\" height=\"225\" alt=\"Blick aus Castello von Assenza di Brenzone\" \/><\/a><\/div><div class=\"rl-gallery-item\"><a href=\"https:\/\/agriturismouliveta.it\/agriturismo-gardasee\/wp-content\/uploads\/2010\/01\/brenzone3c.jpg\" title=\"\" data-rl_title=\"\" class=\"rl-gallery-link\" data-rl_caption=\"\" data-rel=\"lightbox-gallery-1\" data-magnific_type=\"gallery\"><img loading=\"lazy\" decoding=\"async\" src=\"https:\/\/agriturismouliveta.it\/agriturismo-gardasee\/wp-content\/uploads\/2010\/01\/brenzone3c-300x225.jpg\" width=\"300\" height=\"225\" alt=\"Hafen von Magugnano di Brenzone\" \/><\/a><\/div><div class=\"rl-gallery-item\"><a href=\"https:\/\/agriturismouliveta.it\/agriturismo-gardasee\/wp-content\/uploads\/2010\/01\/brenzone4c.jpg\" title=\"\" data-rl_title=\"\" class=\"rl-gallery-link\" data-rl_caption=\"\" data-rel=\"lightbox-gallery-1\" data-magnific_type=\"gallery\"><img loading=\"lazy\" decoding=\"async\" src=\"https:\/\/agriturismouliveta.it\/agriturismo-gardasee\/wp-content\/uploads\/2010\/01\/brenzone4c-300x225.jpg\" width=\"300\" height=\"225\" alt=\"Hafen von Castelletto di Brenzone\" \/><\/a><\/div> <\/div> <\/div><br \/>\nDen Wanderern bieten sich zahlreiche <strong>Wander- und Spazierwege<\/strong> zwischen den vielen silbrig schimmernden Olivenhainen, von denen heute, wie auch in den vergangenen Zeiten, das kostbare, gesunde Oliven\u00f6l gewonnen wird.<\/p>\n<p>In den alten malerischen D\u00f6rfern werden sehr viele traditionelle <strong>Volksfesten <\/strong>und Messen abgehalten. In den lauen Sommern\u00e4chten werden <strong>Konzerte <\/strong>und Theaterausff\u00fchrungen organisiert.<\/p>\n<p><strong>Und Sport- und Spa\u00dfm\u00f6glichkeit?<\/strong><br \/>\nSicher! Segeln, Windsurfen, Wasserski, Tauchen, Kite Surf, Tennis, Wandern, Mountain Bike und, im Winter, auch Skifahren.<\/p>\n<p>Die wichtigsten Termine:<\/p>\n<p>10. Juli<br \/>\nAgola Fest. Es wird in <a title=\"Castelletto di Brenzone sul Garda\" href=\"#\">Castelletto di Brenzone<\/a> gefeiert. Morgens wird die \u201cMadonna della Salute\u201d Messe gefeiert und am Abend wird im Madre Maria Mantovani Platz gefeiert mit Musik und der typischen lokalen K\u00fcche bis zum Ende der um Mitternacht mit einem Feuerwerk angek\u00fcndigt ist. Es ist ein Fest dass sich in den Jahren verandert hat und es ist ein Teil seines traditionellen Characters verloren. Es ist allerdings sehr touristisch geworden.<\/p>\n<p>11. Juli<br \/>\nDen Elften Juli feiert ma in der Pfarrgemeinde von Castello di Brenzone. Am Morgen gibt es eine lange Prozession w\u00e4hrend die Madonna del Colera auf Schultern getragen wird. Die Prozession startet an der Kirche von Castello nach einer Messe (am Sonnenaufgang) und durchquert die Orte Boccino, Porto, Assenza (wo eine andere Messe gepredigt wird und die Teilnehmer ausruhen k\u00f6nnen), via de Loc, Sommavilla, Pozzo, Borago, um wieder an der Kirche von Castello anzukommen wo die Abschlussmesse gehalten wird. Am Abend wird schlie\u00dflich gefeiert mit Musik im Sportzentrum von Santa Maria di Castello wo viele Spezialit\u00e4ten gekocht werden wie Spaghetti mit Sardinen aus dem See (im Dialekt : \u201cbigoi con le sardele\u201d). Die Feuerwerke k\u00fcndigen das Ende an. Es ist noch heute ein sehr beliebtes Fest.<\/p>\n<p>15 August<br \/>\nVerr\u00fcckte Regatta von Brenzone, bei Marias Himmelfahrt. Seit 1995 treten wettbewerber mit Booten aus Recycling-Material gemacht (Plastikflaschen, Polystyrol usw)<br \/>\nSan Rocco Fest in Marniga, dauert mehr Tage und hat seinen H\u00f6hepunkt am 16 August.<\/p>\n<p>25 November<br \/>\nSanta Caterina Fest und des Neuen \u00d6ls. Uraltes landwirtschaftliches Fest mit Proben von Bruschette, Kaldaunen und Typische lokale Produkte.<\/p>\n","protected":false},"excerpt":{"rendered":"<p>Die gro\u00dfte Gemeinde am Gardasee. Turistiche Gebiet die sich von der K\u00fcste bis auf 2000 Meter H\u00f6he auf der Monte Baldo sich erstreckt. Bietet Wassersports, Berge aktiviet\u00e4ten, Seilbahn, Kultur und excellent Oliven\u00f6l Extravergine del Garda.<\/p>\n","protected":false},"author":1,"featured_media":564,"comment_status":"closed","ping_status":"open","sticky":false,"template":"","format":"standard","meta":{"footnotes":""},"categories":[8,7],"tags":[25,9,10,11],"class_list":["post-413","post","type-post","status-publish","format-standard","has-post-thumbnail","hentry","category-brenzone","category-sehen","tag-brenzone","tag-monte-baldo","tag-olivenol","tag-seilbahn"],"_links":{"self":[{"href":"https:\/\/agriturismouliveta.it\/agriturismo-gardasee\/wp-json\/wp\/v2\/posts\/413","targetHints":{"allow":["GET"]}}],"collection":[{"href":"https:\/\/agriturismouliveta.it\/agriturismo-gardasee\/wp-json\/wp\/v2\/posts"}],"about":[{"href":"https:\/\/agriturismouliveta.it\/agriturismo-gardasee\/wp-json\/wp\/v2\/types\/post"}],"author":[{"embeddable":true,"href":"https:\/\/agriturismouliveta.it\/agriturismo-gardasee\/wp-json\/wp\/v2\/users\/1"}],"replies":[{"embeddable":true,"href":"https:\/\/agriturismouliveta.it\/agriturismo-gardasee\/wp-json\/wp\/v2\/comments?post=413"}],"version-history":[{"count":0,"href":"https:\/\/agriturismouliveta.it\/agriturismo-gardasee\/wp-json\/wp\/v2\/posts\/413\/revisions"}],"wp:featuredmedia":[{"embeddable":true,"href":"https:\/\/agriturismouliveta.it\/agriturismo-gardasee\/wp-json\/wp\/v2\/media\/564"}],"wp:attachment":[{"href":"https:\/\/agriturismouliveta.it\/agriturismo-gardasee\/wp-json\/wp\/v2\/media?parent=413"}],"wp:term":[{"taxonomy":"category","embeddable":true,"href":"https:\/\/agriturismouliveta.it\/agriturismo-gardasee\/wp-json\/wp\/v2\/categories?post=413"},{"taxonomy":"post_tag","embeddable":true,"href":"https:\/\/agriturismouliveta.it\/agriturismo-gardasee\/wp-json\/wp\/v2\/tags?post=413"}],"curies":[{"name":"wp","href":"https:\/\/api.w.org\/{rel}","templated":true}]}}