{"id":5573,"date":"2020-05-14T22:39:39","date_gmt":"2020-05-14T20:39:39","guid":{"rendered":"https:\/\/agriturismouliveta.it\/agriturismo-gardasee\/?p=5573"},"modified":"2023-12-05T19:36:14","modified_gmt":"2023-12-05T18:36:14","slug":"kastanien-von-san-zeno-di-montagna","status":"publish","type":"post","link":"https:\/\/agriturismouliveta.it\/agriturismo-gardasee\/kastanien-von-san-zeno-di-montagna","title":{"rendered":"Kastanien von San Zeno di Montagna"},"content":{"rendered":"<h2>Historische Noten<\/h2>\n<hr>\n<p>Der <strong>Anbau des Kastanienbaums<\/strong> in San Zeno hat uralte und gut dokumentierte Urspr\u00fcnge. Die ersten schriftlichen Beweise f\u00fcr die Existenz dieser Kulturen stammen aus dem <strong>Mittelalter<\/strong> und best\u00e4tigen die Bedeutung des Kastanienanbaus f\u00fcr die lokale Bev\u00f6lkerung.<\/p>\n<p>Die Kastanie galt als grundlegender Bestandteil der <strong>t\u00e4glichen Ern\u00e4hrung<\/strong>, war nahrhaft und leicht zu konservieren und wurde auf verschiedene Arten verzehrt: <strong>gekocht oder roh<\/strong> oder in Form von <strong>Mehl<\/strong> (mit dem Polenta zubereitet). Dar\u00fcber hinaus wurden Kastanien, die nicht f\u00fcr den menschlichen Verzehr bestimmt waren, zur <strong>F\u00fctterung von Schweinen<\/strong> verwendet.<\/p>\n<p>Doch erst im 19. Jahrhundert wurden Kastanien auf den <strong>M\u00e4rkten<\/strong> von Caprino und Verona verkauft, und seit den 1920er Jahren erscheinen sie auch an den St\u00e4nden des j\u00e4hrlichen <strong>Kastanienfestes<\/strong> von San Zeno.<\/p>\n<p>In den neunziger Jahren wurde dank der Initiative einer Gruppe von Produzenten die \u201cAssociazione del Marrone di San Zeno\u201d gegr\u00fcndet, wo deren Ziel ist, die antike Aktivit\u00e4t wiederzubeleben und zu f\u00f6rdern, um die Traditionen, sowie das Gebiet zu sch\u00fctzen.<br \/>\nDer Weg zur Erlangung der DOP (&#8222;Gesch\u00fctzte Ursprungsbezeichnung&#8220;) beginnt und wird 2003 erfolgreich abgeschlossen.<\/p>\n<hr>\n<h2>Produktionsbereich<\/h2>\n<hr>\n<p>Das Produktionsgebiet der Marrone DOP umfasst einen Teil des Gebiets der veronesischen <strong>Gemeinden<\/strong> <em>Brentino Belluno, Brenzone, Caprino Veronese, Costermano, Ferrara di Monte Baldo und San Zeno di Montagna<\/em>. Er wird daher auf beiden Seiten des Monte Baldo angebaut, in einem Streifen (Castanetum genannt), der zwischen <strong>250 und 900 Meter \u00fcber dem Meeresspiegel<\/strong> liegt und sich durch ein gem\u00e4\u00dfigt feuchtes Klima auszeichnet.<\/p>\n<figure id=\"attachment_9579\" aria-describedby=\"caption-attachment-9579\" style=\"width: 540px\" class=\"wp-caption aligncenter\"><a href=\"https:\/\/agriturismouliveta.it\/agriturismo-gardasee\/wp-content\/uploads\/2023\/12\/san-zeno-di-montagna-am-monte-baldo.jpg\" data-rel=\"lightbox-image-0\" data-magnific_type=\"image\" data-rl_title=\"\" data-rl_caption=\"\" title=\"\"><img fetchpriority=\"high\" decoding=\"async\" src=\"https:\/\/agriturismouliveta.it\/agriturismo-gardasee\/wp-content\/uploads\/2023\/12\/san-zeno-di-montagna-am-monte-baldo-550x367.jpg\" alt=\"Blick auf San Zeno di Montagna auf dem Monte Baldo\" width=\"550\" height=\"367\" class=\"size-large wp-image-9579\" srcset=\"https:\/\/agriturismouliveta.it\/agriturismo-gardasee\/wp-content\/uploads\/2023\/12\/san-zeno-di-montagna-am-monte-baldo-550x367.jpg 550w, https:\/\/agriturismouliveta.it\/agriturismo-gardasee\/wp-content\/uploads\/2023\/12\/san-zeno-di-montagna-am-monte-baldo-300x200.jpg 300w, https:\/\/agriturismouliveta.it\/agriturismo-gardasee\/wp-content\/uploads\/2023\/12\/san-zeno-di-montagna-am-monte-baldo-768x512.jpg 768w, https:\/\/agriturismouliveta.it\/agriturismo-gardasee\/wp-content\/uploads\/2023\/12\/san-zeno-di-montagna-am-monte-baldo-210x140.jpg 210w, https:\/\/agriturismouliveta.it\/agriturismo-gardasee\/wp-content\/uploads\/2023\/12\/san-zeno-di-montagna-am-monte-baldo-75x50.jpg 75w, https:\/\/agriturismouliveta.it\/agriturismo-gardasee\/wp-content\/uploads\/2023\/12\/san-zeno-di-montagna-am-monte-baldo.jpg 1200w\" sizes=\"(max-width: 550px) 100vw, 550px\" \/><\/a><figcaption id=\"caption-attachment-9579\" class=\"wp-caption-text\">San Zeno di Montagna auf dem Monte Baldo<\/figcaption><\/figure>\n<hr>\n<h2>Kastanienernte<\/h2>\n<hr>\n<p>Die Kastanienernte findet in den <strong>Herbstmonaten<\/strong> (zwischen Oktober und November) statt.<\/p>\n<p>Sie erfolgt haupts\u00e4chlich <strong>manuell<\/strong>, mit Hilfe von langen Bambusst\u00f6cken, mit denen die Igel geschlagen werden (bacchiatura); sobald sie zu Boden fallen, werden sie mit einer Gabel eingesammelt und in spezielle K\u00f6rbe (Packtaschen) gelegt.<\/p>\n<figure id=\"attachment_9576\" aria-describedby=\"caption-attachment-9576\" style=\"width: 403px\" class=\"wp-caption aligncenter\"><a href=\"https:\/\/agriturismouliveta.it\/agriturismo-gardasee\/wp-content\/uploads\/2023\/12\/kastanienernte-in-san-zeno-di-montagna-auf-dem-monte-baldo.jpg\" data-rel=\"lightbox-image-1\" data-magnific_type=\"image\" data-rl_title=\"\" data-rl_caption=\"\" title=\"\"><img decoding=\"async\" src=\"https:\/\/agriturismouliveta.it\/agriturismo-gardasee\/wp-content\/uploads\/2023\/12\/kastanienernte-in-san-zeno-di-montagna-auf-dem-monte-baldo-413x550.jpg\" alt=\"Der Kastanienanbauer schl\u00e4gt mit einer langen Holzstange auf die \u00c4ste des Baumes, damit die Fr\u00fcchte zu Boden fallen.\" width=\"413\" height=\"550\" class=\"size-large wp-image-9576\" srcset=\"https:\/\/agriturismouliveta.it\/agriturismo-gardasee\/wp-content\/uploads\/2023\/12\/kastanienernte-in-san-zeno-di-montagna-auf-dem-monte-baldo-413x550.jpg 413w, https:\/\/agriturismouliveta.it\/agriturismo-gardasee\/wp-content\/uploads\/2023\/12\/kastanienernte-in-san-zeno-di-montagna-auf-dem-monte-baldo-225x300.jpg 225w, https:\/\/agriturismouliveta.it\/agriturismo-gardasee\/wp-content\/uploads\/2023\/12\/kastanienernte-in-san-zeno-di-montagna-auf-dem-monte-baldo.jpg 600w\" sizes=\"(max-width: 413px) 100vw, 413px\" \/><\/a><figcaption id=\"caption-attachment-9576\" class=\"wp-caption-text\">Kastanienernte mit einer langen Holzstange<\/figcaption><\/figure>\n<p>Anschliessend erfolgt der <strong>Transport<\/strong> zur rissara, einem Freiluftplatz, wo die Igel angesammelt werden und mindestens 15 Tage bleiben; auf diese Weise wird die nat\u00fcrliche <strong>G\u00e4rung der Igel<\/strong> gef\u00f6rdert, mit dem Ziel, sie vor Pilzen und Schimmel zu sch\u00fctzen.<\/p>\n<figure id=\"attachment_9574\" aria-describedby=\"caption-attachment-9574\" style=\"width: 540px\" class=\"wp-caption aligncenter\"><a href=\"https:\/\/agriturismouliveta.it\/agriturismo-gardasee\/wp-content\/uploads\/2023\/12\/Kastanien-aus-San-Zeno-auf-dem-Monte-Baldo-aufgestapelt-zur-Gaerung.jpg\" data-rel=\"lightbox-image-2\" data-magnific_type=\"image\" data-rl_title=\"\" data-rl_caption=\"\" title=\"\"><img decoding=\"async\" src=\"https:\/\/agriturismouliveta.it\/agriturismo-gardasee\/wp-content\/uploads\/2023\/12\/Kastanien-aus-San-Zeno-auf-dem-Monte-Baldo-aufgestapelt-zur-Gaerung-550x367.jpg\" alt=\"Kastanien, die noch in ihren Schalen stecken, aufgestapelt im Gras am Fu\u00dfe einer Steinmauer in San Zeno di Montagna\" width=\"550\" height=\"367\" class=\"size-large wp-image-9574\" srcset=\"https:\/\/agriturismouliveta.it\/agriturismo-gardasee\/wp-content\/uploads\/2023\/12\/Kastanien-aus-San-Zeno-auf-dem-Monte-Baldo-aufgestapelt-zur-Gaerung-550x367.jpg 550w, https:\/\/agriturismouliveta.it\/agriturismo-gardasee\/wp-content\/uploads\/2023\/12\/Kastanien-aus-San-Zeno-auf-dem-Monte-Baldo-aufgestapelt-zur-Gaerung-300x200.jpg 300w, https:\/\/agriturismouliveta.it\/agriturismo-gardasee\/wp-content\/uploads\/2023\/12\/Kastanien-aus-San-Zeno-auf-dem-Monte-Baldo-aufgestapelt-zur-Gaerung-768x512.jpg 768w, https:\/\/agriturismouliveta.it\/agriturismo-gardasee\/wp-content\/uploads\/2023\/12\/Kastanien-aus-San-Zeno-auf-dem-Monte-Baldo-aufgestapelt-zur-Gaerung-210x140.jpg 210w, https:\/\/agriturismouliveta.it\/agriturismo-gardasee\/wp-content\/uploads\/2023\/12\/Kastanien-aus-San-Zeno-auf-dem-Monte-Baldo-aufgestapelt-zur-Gaerung-75x50.jpg 75w, https:\/\/agriturismouliveta.it\/agriturismo-gardasee\/wp-content\/uploads\/2023\/12\/Kastanien-aus-San-Zeno-auf-dem-Monte-Baldo-aufgestapelt-zur-Gaerung.jpg 1200w\" sizes=\"(max-width: 550px) 100vw, 550px\" \/><\/a><figcaption id=\"caption-attachment-9574\" class=\"wp-caption-text\">Kastanien aufgestapelt zur Gaerung<\/figcaption><\/figure>\n<p>Der letzte Schritt ist die Auswahl der Kastanien, die dann f\u00fcr den Verkauf bestimmt sind.<\/p>\n<hr>\n<h2>Kastanienfest<\/h2>\n<hr>\n<p>Jeden <strong>Herbst<\/strong> wird <strong>in San Zeno<\/strong> das traditionelle Kastanienfest organisiert, dessen Urspr\u00fcnge auf die Winde zur\u00fcckzugehen scheinen. Seit 2003, dem Jahr, in dem die <strong>DOP-Marke<\/strong> verliehen wurde, ist sie auch als <strong>Festa del Marrone DOP<\/strong> bekannt.<\/p>\n<p>Sie findet w\u00e4hrend der Kastanienerntezeit (zwischen Oktober und November) an 3 Wochenenden statt. W\u00e4hrend des Festivals kann man <strong>Gerichte auf der Basis von Marronen<\/strong> DOP probieren, Kastanien und das mit Kastanien zubereitete \u201cBier Castanea\u201d kaufen. Der Veranstaltungskalender ist voll von Ereignissen, unter anderem<\/p>\n<p>-den <strong>Wettbewerb &#8222;Marrone d&#8217;Oro&#8220;<\/strong>, der den besten Produzenten des Jahres auszeichnet<br \/>\n-die <strong>gastronomische Herausforderung &#8222;Minestrone d&#8217;Oro&#8220;<\/strong>: Sie ist den Restaurants von San Zeno vorbehalten und zeichnet die beste Marronen DOP-Suppe aus.<\/p>\n<figure id=\"attachment_9577\" aria-describedby=\"caption-attachment-9577\" style=\"width: 540px\" class=\"wp-caption aligncenter\"><a href=\"https:\/\/agriturismouliveta.it\/agriturismo-gardasee\/wp-content\/uploads\/2023\/12\/Kastanienfest-in-San-Zeno-di-Montagna-auf-dem-Monte-Baldo.jpg\" data-rel=\"lightbox-image-3\" data-magnific_type=\"image\" data-rl_title=\"\" data-rl_caption=\"\" title=\"\"><img loading=\"lazy\" decoding=\"async\" src=\"https:\/\/agriturismouliveta.it\/agriturismo-gardasee\/wp-content\/uploads\/2023\/12\/Kastanienfest-in-San-Zeno-di-Montagna-auf-dem-Monte-Baldo-550x367.jpg\" alt=\"Gruppen von Besuchern, die am Tisch sitzen, w\u00e4hrend des Kastanienfestes von San Zeno di Montagna\" width=\"550\" height=\"367\" class=\"size-large wp-image-9577\" srcset=\"https:\/\/agriturismouliveta.it\/agriturismo-gardasee\/wp-content\/uploads\/2023\/12\/Kastanienfest-in-San-Zeno-di-Montagna-auf-dem-Monte-Baldo-550x367.jpg 550w, https:\/\/agriturismouliveta.it\/agriturismo-gardasee\/wp-content\/uploads\/2023\/12\/Kastanienfest-in-San-Zeno-di-Montagna-auf-dem-Monte-Baldo-300x200.jpg 300w, https:\/\/agriturismouliveta.it\/agriturismo-gardasee\/wp-content\/uploads\/2023\/12\/Kastanienfest-in-San-Zeno-di-Montagna-auf-dem-Monte-Baldo-768x512.jpg 768w, https:\/\/agriturismouliveta.it\/agriturismo-gardasee\/wp-content\/uploads\/2023\/12\/Kastanienfest-in-San-Zeno-di-Montagna-auf-dem-Monte-Baldo-210x140.jpg 210w, https:\/\/agriturismouliveta.it\/agriturismo-gardasee\/wp-content\/uploads\/2023\/12\/Kastanienfest-in-San-Zeno-di-Montagna-auf-dem-Monte-Baldo-75x50.jpg 75w, https:\/\/agriturismouliveta.it\/agriturismo-gardasee\/wp-content\/uploads\/2023\/12\/Kastanienfest-in-San-Zeno-di-Montagna-auf-dem-Monte-Baldo.jpg 1200w\" sizes=\"(max-width: 550px) 100vw, 550px\" \/><\/a><figcaption id=\"caption-attachment-9577\" class=\"wp-caption-text\">Kastanienfest in San Zeno di Montagna<\/figcaption><\/figure>\n<hr>\n<h2>Typische Produkte<\/h2>\n<hr>\n<h3>Castanien Bier<\/h3>\n<p>Es handelt sich um ein <strong>bernsteinfarbenes Bier<\/strong>, das mit den Marroni di San Zeno DOP zubereitet wird, die es zu einem qualitativ hochwertigen lokalen Produkt machen. Sie wird, in begrenzten Mengen, nur auf den Bauernh\u00f6fen der Produzenten oder w\u00e4hrend des Kastanienfestes verkauft. Das Bier kann in Kombination mit Fleisch oder K\u00e4se genossen werden.<\/p>\n<figure id=\"attachment_9575\" aria-describedby=\"caption-attachment-9575\" style=\"width: 540px\" class=\"wp-caption aligncenter\"><a href=\"https:\/\/agriturismouliveta.it\/agriturismo-gardasee\/wp-content\/uploads\/2023\/12\/kastanienbier-aus-san-zeno-di-montagna-auf-dem-monte-baldo.jpg\" data-rel=\"lightbox-image-4\" data-magnific_type=\"image\" data-rl_title=\"\" data-rl_caption=\"\" title=\"\"><img loading=\"lazy\" decoding=\"async\" src=\"https:\/\/agriturismouliveta.it\/agriturismo-gardasee\/wp-content\/uploads\/2023\/12\/kastanienbier-aus-san-zeno-di-montagna-auf-dem-monte-baldo-550x367.jpg\" alt=\"Kastanienbierflaschen aus San Zeno di Montagna\" width=\"550\" height=\"367\" class=\"size-large wp-image-9575\" srcset=\"https:\/\/agriturismouliveta.it\/agriturismo-gardasee\/wp-content\/uploads\/2023\/12\/kastanienbier-aus-san-zeno-di-montagna-auf-dem-monte-baldo-550x367.jpg 550w, https:\/\/agriturismouliveta.it\/agriturismo-gardasee\/wp-content\/uploads\/2023\/12\/kastanienbier-aus-san-zeno-di-montagna-auf-dem-monte-baldo-300x200.jpg 300w, https:\/\/agriturismouliveta.it\/agriturismo-gardasee\/wp-content\/uploads\/2023\/12\/kastanienbier-aus-san-zeno-di-montagna-auf-dem-monte-baldo-768x512.jpg 768w, https:\/\/agriturismouliveta.it\/agriturismo-gardasee\/wp-content\/uploads\/2023\/12\/kastanienbier-aus-san-zeno-di-montagna-auf-dem-monte-baldo-210x140.jpg 210w, https:\/\/agriturismouliveta.it\/agriturismo-gardasee\/wp-content\/uploads\/2023\/12\/kastanienbier-aus-san-zeno-di-montagna-auf-dem-monte-baldo-75x50.jpg 75w, https:\/\/agriturismouliveta.it\/agriturismo-gardasee\/wp-content\/uploads\/2023\/12\/kastanienbier-aus-san-zeno-di-montagna-auf-dem-monte-baldo.jpg 1200w\" sizes=\"(max-width: 550px) 100vw, 550px\" \/><\/a><figcaption id=\"caption-attachment-9575\" class=\"wp-caption-text\">Castanienbier von San Zeno di Montagna<\/figcaption><\/figure>\n<hr>\n<h3>Kandierte Kastanien<\/h3>\n<p>Wenn kandierte k\u00f6nnen Kastanien das <strong>ganze Jahr<\/strong> \u00fcber genossen werden.<br \/>\nIn zwei Varianten, <strong>Grappa oder Sirup<\/strong>, k\u00f6nnen allein oder in Begleitung von Desserts, Eiscreme und K\u00e4se gegessen werden.<\/p>\n<figure id=\"attachment_9573\" aria-describedby=\"caption-attachment-9573\" style=\"width: 540px\" class=\"wp-caption aligncenter\"><a href=\"https:\/\/agriturismouliveta.it\/agriturismo-gardasee\/wp-content\/uploads\/2023\/12\/kandierte-kastanien-aus-san-zeno-auf-monte-baldo.jpg\" data-rel=\"lightbox-image-5\" data-magnific_type=\"image\" data-rl_title=\"\" data-rl_caption=\"\" title=\"\"><img loading=\"lazy\" decoding=\"async\" src=\"https:\/\/agriturismouliveta.it\/agriturismo-gardasee\/wp-content\/uploads\/2023\/12\/kandierte-kastanien-aus-san-zeno-auf-monte-baldo-550x367.jpg\" alt=\"Kastanienbierflasche und Gl\u00e4ser mit kandierten Kastanien auf einem Haufen von Kastanien aus San Zeno di Montagna\" width=\"550\" height=\"367\" class=\"size-large wp-image-9573\" srcset=\"https:\/\/agriturismouliveta.it\/agriturismo-gardasee\/wp-content\/uploads\/2023\/12\/kandierte-kastanien-aus-san-zeno-auf-monte-baldo-550x367.jpg 550w, https:\/\/agriturismouliveta.it\/agriturismo-gardasee\/wp-content\/uploads\/2023\/12\/kandierte-kastanien-aus-san-zeno-auf-monte-baldo-300x200.jpg 300w, https:\/\/agriturismouliveta.it\/agriturismo-gardasee\/wp-content\/uploads\/2023\/12\/kandierte-kastanien-aus-san-zeno-auf-monte-baldo-768x512.jpg 768w, https:\/\/agriturismouliveta.it\/agriturismo-gardasee\/wp-content\/uploads\/2023\/12\/kandierte-kastanien-aus-san-zeno-auf-monte-baldo-210x140.jpg 210w, https:\/\/agriturismouliveta.it\/agriturismo-gardasee\/wp-content\/uploads\/2023\/12\/kandierte-kastanien-aus-san-zeno-auf-monte-baldo-75x50.jpg 75w, https:\/\/agriturismouliveta.it\/agriturismo-gardasee\/wp-content\/uploads\/2023\/12\/kandierte-kastanien-aus-san-zeno-auf-monte-baldo.jpg 1200w\" sizes=\"(max-width: 550px) 100vw, 550px\" \/><\/a><figcaption id=\"caption-attachment-9573\" class=\"wp-caption-text\">Kandierte Kastanien von San Zeno di Montagna<\/figcaption><\/figure>\n<hr>\n<div class=\"well\" style=\"padding:5%; background-color:#eee;\">\n<h3>Minestrone di Castagne (Kastaniensuppe)<\/h3>\n<p><figure id=\"attachment_9578\" aria-describedby=\"caption-attachment-9578\" style=\"width: 1190px\" class=\"wp-caption aligncenter\"><a href=\"https:\/\/agriturismouliveta.it\/agriturismo-gardasee\/wp-content\/uploads\/2023\/12\/kastaniensuppe-aus-san-zeno-di-montagna-auf-dem-monte-baldo.jpg\" data-rel=\"lightbox-image-6\" data-magnific_type=\"image\" data-rl_title=\"\" data-rl_caption=\"\" title=\"\"><img loading=\"lazy\" decoding=\"async\" src=\"https:\/\/agriturismouliveta.it\/agriturismo-gardasee\/wp-content\/uploads\/2023\/12\/kastaniensuppe-aus-san-zeno-di-montagna-auf-dem-monte-baldo.jpg\" alt=\"Natives Oliven\u00f6l extra wird \u00fcber eine Kastaniensuppe in einer kleinen ausgeh\u00f6hlten Brotform gegossen\" width=\"1200\" height=\"800\" class=\"size-full wp-image-9578\" srcset=\"https:\/\/agriturismouliveta.it\/agriturismo-gardasee\/wp-content\/uploads\/2023\/12\/kastaniensuppe-aus-san-zeno-di-montagna-auf-dem-monte-baldo.jpg 1200w, https:\/\/agriturismouliveta.it\/agriturismo-gardasee\/wp-content\/uploads\/2023\/12\/kastaniensuppe-aus-san-zeno-di-montagna-auf-dem-monte-baldo-300x200.jpg 300w, https:\/\/agriturismouliveta.it\/agriturismo-gardasee\/wp-content\/uploads\/2023\/12\/kastaniensuppe-aus-san-zeno-di-montagna-auf-dem-monte-baldo-550x367.jpg 550w, https:\/\/agriturismouliveta.it\/agriturismo-gardasee\/wp-content\/uploads\/2023\/12\/kastaniensuppe-aus-san-zeno-di-montagna-auf-dem-monte-baldo-768x512.jpg 768w, https:\/\/agriturismouliveta.it\/agriturismo-gardasee\/wp-content\/uploads\/2023\/12\/kastaniensuppe-aus-san-zeno-di-montagna-auf-dem-monte-baldo-210x140.jpg 210w, https:\/\/agriturismouliveta.it\/agriturismo-gardasee\/wp-content\/uploads\/2023\/12\/kastaniensuppe-aus-san-zeno-di-montagna-auf-dem-monte-baldo-75x50.jpg 75w\" sizes=\"(max-width: 1200px) 100vw, 1200px\" \/><\/a><figcaption id=\"caption-attachment-9578\" class=\"wp-caption-text\">Kastaniensuppe aus San Zeno<\/figcaption><\/figure><br \/>\n<strong>Typisches Gericht von San Zeno<\/strong>, es stellt die lokale Variante der venetischen Bohnensuppe dar.<\/p>\n<p><strong>Hier sind die Zutaten<\/strong><\/p>\n<p>-100 g Kartoffeln<br \/>\n-80 g Staudensellerie<br \/>\n-80 g M\u00f6hren,<br \/>\n-100 g Zwiebel,<br \/>\n-100 g Kohl,<br \/>\n-50 g Bohnen,<br \/>\n-200 g Marroni di San Zeno Dop<br \/>\n-eine Knoblauchzehe,<br \/>\n-einen Rosmarinzweig,<br \/>\n-2-3 Grana-K\u00e4sekrusten,<br \/>\n-Natives Oliven\u00f6l,<br \/>\n-Salz und Pfeffer.<\/p>\n<p><strong>Vorbereitung<\/strong><\/p>\n<p>&#8211; Kastanien Sch\u00e4len und in Salzwasser mit einigen Salbeibl\u00e4ttern kochen. Beiseite halten.<br \/>\n&#8211; In einem Kochtopf Rosmarin und den zerdr\u00fcckten Knoblauch anbraten.<br \/>\n&#8211; Die Gew\u00fcrze Entfernen und Bohnen und alle andere Gem\u00fcse in gleiche kleine geschnittene St\u00fccke hinzugeben.<br \/>\n&#8211; Mit Wasser bedecken, salzen und ohne Deckel kochen, falls n\u00f6tig aufsch\u00e4umen.<br \/>\n&#8211; Gegen Ende des Kochens die gekochten Kastanien und die K\u00e4sekrusten hinzuf\u00fcgen.<br \/>\n&#8211; Geschmack kontrollieren und fertig kochen.<br \/>\n&#8211; Die Suppe mit nativem Oliven\u00f6l und frisch gemahlenem Pfeffer gew\u00fcrzen und Servieren.\n<\/p><\/div>\n","protected":false},"excerpt":{"rendered":"<p>Der Anbau des Kastanienbaums in San Zeno di Montagna, die ersten schriftlichen Beweise f\u00fcr die Existenz dieser Kulturen stammen aus dem Mittelalter&#8230;<\/p>\n","protected":false},"author":1,"featured_media":8373,"comment_status":"closed","ping_status":"open","sticky":false,"template":"","format":"standard","meta":{"footnotes":""},"categories":[30],"tags":[],"class_list":["post-5573","post","type-post","status-publish","format-standard","has-post-thumbnail","hentry","category-kastanien-von-montebaldo"],"_links":{"self":[{"href":"https:\/\/agriturismouliveta.it\/agriturismo-gardasee\/wp-json\/wp\/v2\/posts\/5573","targetHints":{"allow":["GET"]}}],"collection":[{"href":"https:\/\/agriturismouliveta.it\/agriturismo-gardasee\/wp-json\/wp\/v2\/posts"}],"about":[{"href":"https:\/\/agriturismouliveta.it\/agriturismo-gardasee\/wp-json\/wp\/v2\/types\/post"}],"author":[{"embeddable":true,"href":"https:\/\/agriturismouliveta.it\/agriturismo-gardasee\/wp-json\/wp\/v2\/users\/1"}],"replies":[{"embeddable":true,"href":"https:\/\/agriturismouliveta.it\/agriturismo-gardasee\/wp-json\/wp\/v2\/comments?post=5573"}],"version-history":[{"count":0,"href":"https:\/\/agriturismouliveta.it\/agriturismo-gardasee\/wp-json\/wp\/v2\/posts\/5573\/revisions"}],"wp:featuredmedia":[{"embeddable":true,"href":"https:\/\/agriturismouliveta.it\/agriturismo-gardasee\/wp-json\/wp\/v2\/media\/8373"}],"wp:attachment":[{"href":"https:\/\/agriturismouliveta.it\/agriturismo-gardasee\/wp-json\/wp\/v2\/media?parent=5573"}],"wp:term":[{"taxonomy":"category","embeddable":true,"href":"https:\/\/agriturismouliveta.it\/agriturismo-gardasee\/wp-json\/wp\/v2\/categories?post=5573"},{"taxonomy":"post_tag","embeddable":true,"href":"https:\/\/agriturismouliveta.it\/agriturismo-gardasee\/wp-json\/wp\/v2\/tags?post=5573"}],"curies":[{"name":"wp","href":"https:\/\/api.w.org\/{rel}","templated":true}]}}